{"id":5895,"date":"2023-10-26T17:48:15","date_gmt":"2023-10-26T15:48:15","guid":{"rendered":"https:\/\/avante-okna.pl\/szklo-selektywne-doskonala-izolacja-i-komfort\/"},"modified":"2024-03-12T10:57:56","modified_gmt":"2024-03-12T09:57:56","slug":"szklo-selektywne-doskonala-izolacja-i-komfort","status":"publish","type":"post","link":"https:\/\/avante.pl\/de\/szklo-selektywne-doskonala-izolacja-i-komfort\/","title":{"rendered":"Selektives Glas: hervorragende Isolierung und Komfort"},"content":{"rendered":"\n<h2 class=\"wp-block-heading\"><\/h2>\n\n<p>Nur wenige Menschen, die Fenster f\u00fcr ihr Haus ausw\u00e4hlen, sind sich bewusst, dass einer der wichtigsten Aspekte, der sich auf die Energieeffizienz der Fenster und damit des gesamten Geb\u00e4udes auswirkt, die Verwendung von Warmverglasungspaketen oder Spezialgl\u00e4sern wie selektivem Glas ist. Was genau ist diese L\u00f6sung und welche Vorteile bietet die Verwendung von selektivem Glas in Fenstern? Hier sind die Antworten.<\/p>\n\n<figure class=\"wp-block-gallery has-nested-images columns-default is-cropped wp-block-gallery-1 is-layout-flex wp-block-gallery-is-layout-flex\">\n<figure class=\"wp-block-image size-full\"><img fetchpriority=\"high\" decoding=\"async\" width=\"1000\" height=\"1000\" data-id=\"7875\" src=\"https:\/\/avante.pl\/wp-content\/uploads\/2023\/10\/szyby.png\" alt=\"\" class=\"wp-image-7875\" srcset=\"https:\/\/avante.pl\/wp-content\/uploads\/2023\/10\/szyby.png 1000w, https:\/\/avante.pl\/wp-content\/uploads\/2023\/10\/szyby-300x300.png 300w, https:\/\/avante.pl\/wp-content\/uploads\/2023\/10\/szyby-150x150.png 150w, https:\/\/avante.pl\/wp-content\/uploads\/2023\/10\/szyby-768x768.png 768w, https:\/\/avante.pl\/wp-content\/uploads\/2023\/10\/szyby-100x100.png 100w\" sizes=\"(max-width: 1000px) 100vw, 1000px\" \/><\/figure>\n<\/figure>\n\n<h2 class=\"wp-block-heading\">Was ist selektives Glas?<\/h2>\n\n<p>Selektives Glas ist eine innovative Glasart, die speziell zur Verbesserung der Energieeffizienz von Geb\u00e4uden entwickelt wurde. Ihr Hauptmerkmal ist die F\u00e4higkeit, die Sonnenstrahlung selektiv durchzulassen und gleichzeitig die W\u00e4rme\u00fcbertragung zu begrenzen. Das bedeutet, dass selektives Glas eine maximale Nutzung der Sonnenenergie zur Erw\u00e4rmung des Raumes erm\u00f6glicht und ihn im Sommer vor \u00dcberhitzung sch\u00fctzt.<\/p>\n\n<h2 class=\"wp-block-heading\">Was sind die Vorteile dieser L\u00f6sung?<\/h2>\n\n<p>1. <strong>Hervorragende W\u00e4rmed\u00e4mmung<\/strong>: Selektives Glas hat hervorragende Isoliereigenschaften, so dass die Raumtemperatur das ganze Jahr \u00fcber stabil bleibt. Dies wiederum f\u00fchrt zu einer Senkung der Heiz- und Klimatisierungskosten.<\/p>\n\n<p>2. <strong>Energieeinsparung:<\/strong> Dank der F\u00e4higkeit von selektivem Glas, die Sonnenenergie zu nutzen, kann der Stromverbrauch gesenkt werden, was zu Einsparungen bei den Strom- und Heizkosten f\u00fchrt.<\/p>\n\n<p>3. <strong>Sehkomfort:<\/strong> Selektives Glas l\u00e4sst nat\u00fcrliches Licht durch, wodurch die R\u00e4ume gut beleuchtet und angenehm zu nutzen sind. Dies wirkt sich wiederum positiv auf das Wohlbefinden der Bewohner aus.<\/p>\n\n<p>4. <strong>\u00d6kologie:<\/strong> Durch die Verwendung von selektivem Glas reduzieren wir die Kohlendioxidemissionen, was dem Gedanken des Umweltschutzes und der nachhaltigen Entwicklung entspricht.<\/p>\n\n<h2 class=\"wp-block-heading\"><\/h2>\n\n<p>Selektives Glas ist eine L\u00f6sung, die Energieeffizienz, Komfort und Umweltaspekte perfekt miteinander verbindet. Wenn Sie sich f\u00fcr Fenster mit diesem innovativen Glas entscheiden, investieren Sie in eine bessere Lebensqualit\u00e4t, in Einsparungen und in die Zukunft unseres Planeten. Avante bietet eine breite Palette an selektiven Glasfenstern, die Ihren Bed\u00fcrfnissen entsprechen und f\u00fcr au\u00dfergew\u00f6hnlichen Komfort in Ihrem Zuhause sorgen.<\/p>\n\n<figure class=\"wp-block-image size-large\"><img decoding=\"async\" width=\"1024\" height=\"354\" src=\"http:\/\/serwer2355373.home.pl\/avante2023\/wp-content\/uploads\/2023\/05\/Rectangle-242-1024x354.webp\" alt=\"\" class=\"wp-image-46\" srcset=\"https:\/\/avante.pl\/wp-content\/uploads\/2023\/05\/Rectangle-242-1024x354.webp 1024w, https:\/\/avante.pl\/wp-content\/uploads\/2023\/05\/Rectangle-242-300x104.webp 300w, https:\/\/avante.pl\/wp-content\/uploads\/2023\/05\/Rectangle-242-768x266.webp 768w, https:\/\/avante.pl\/wp-content\/uploads\/2023\/05\/Rectangle-242-1536x531.webp 1536w, https:\/\/avante.pl\/wp-content\/uploads\/2023\/05\/Rectangle-242.webp 1732w\" sizes=\"(max-width: 1024px) 100vw, 1024px\" \/><\/figure>\n\n<h2 class=\"wp-block-heading\"><\/h2>\n\n<p><\/p>\n","protected":false},"excerpt":{"rendered":"<p>Glas mit besonderen Eigenschaften<\/p>\n","protected":false},"author":5,"featured_media":10934,"comment_status":"closed","ping_status":"closed","sticky":false,"template":"","format":"standard","meta":{"footnotes":""},"categories":[66],"tags":[],"class_list":["post-5895","post","type-post","status-publish","format-standard","has-post-thumbnail","hentry","category-beratung-und-inspiration"],"_links":{"self":[{"href":"https:\/\/avante.pl\/de\/wp-json\/wp\/v2\/posts\/5895","targetHints":{"allow":["GET"]}}],"collection":[{"href":"https:\/\/avante.pl\/de\/wp-json\/wp\/v2\/posts"}],"about":[{"href":"https:\/\/avante.pl\/de\/wp-json\/wp\/v2\/types\/post"}],"author":[{"embeddable":true,"href":"https:\/\/avante.pl\/de\/wp-json\/wp\/v2\/users\/5"}],"replies":[{"embeddable":true,"href":"https:\/\/avante.pl\/de\/wp-json\/wp\/v2\/comments?post=5895"}],"version-history":[{"count":0,"href":"https:\/\/avante.pl\/de\/wp-json\/wp\/v2\/posts\/5895\/revisions"}],"wp:featuredmedia":[{"embeddable":true,"href":"https:\/\/avante.pl\/de\/wp-json\/wp\/v2\/media\/10934"}],"wp:attachment":[{"href":"https:\/\/avante.pl\/de\/wp-json\/wp\/v2\/media?parent=5895"}],"wp:term":[{"taxonomy":"category","embeddable":true,"href":"https:\/\/avante.pl\/de\/wp-json\/wp\/v2\/categories?post=5895"},{"taxonomy":"post_tag","embeddable":true,"href":"https:\/\/avante.pl\/de\/wp-json\/wp\/v2\/tags?post=5895"}],"curies":[{"name":"wp","href":"https:\/\/api.w.org\/{rel}","templated":true}]}}