{"id":6023,"date":"2023-05-16T12:03:52","date_gmt":"2023-05-16T10:03:52","guid":{"rendered":"https:\/\/avante-okna.pl\/optymalne-wykorzystanie-naturalnego-swiatla\/"},"modified":"2024-06-26T10:52:08","modified_gmt":"2024-06-26T08:52:08","slug":"optymalne-wykorzystanie-naturalnego-swiatla","status":"publish","type":"post","link":"https:\/\/avante.pl\/de\/optymalne-wykorzystanie-naturalnego-swiatla\/","title":{"rendered":"Optimale Nutzung des nat\u00fcrlichen Lichts"},"content":{"rendered":"\n<h2 class=\"wp-block-heading\"><\/h2>\n\n\n\n<p>Nat\u00fcrliches Licht ist ein Eckpfeiler unseres t\u00e4glichen Lebens, und besonders die Herbst- und Wintertage zwingen uns, dar\u00fcber nachzudenken, wie wir den Charme des nat\u00fcrlichen Lichts in unseren Wohnungen am besten nutzen k\u00f6nnen. Wie k\u00f6nnen wir sie in unsere Einrichtung integrieren? Die Antwort ist eine umfassende Verglasung in unserer Wohnung!<\/p>\n\n\n\n<figure class=\"wp-block-gallery has-nested-images columns-default is-cropped wp-block-gallery-1 is-layout-flex wp-block-gallery-is-layout-flex\">\n<figure class=\"wp-block-image size-large\"><img fetchpriority=\"high\" decoding=\"async\" width=\"1024\" height=\"667\" data-id=\"8292\" src=\"https:\/\/avante.pl\/wp-content\/uploads\/2023\/05\/AdobeStock_200104151-1024x667.webp\" alt=\"\" class=\"wp-image-8292\" srcset=\"https:\/\/avante.pl\/wp-content\/uploads\/2023\/05\/AdobeStock_200104151-1024x667.webp 1024w, https:\/\/avante.pl\/wp-content\/uploads\/2023\/05\/AdobeStock_200104151-300x195.webp 300w, https:\/\/avante.pl\/wp-content\/uploads\/2023\/05\/AdobeStock_200104151-768x500.webp 768w, https:\/\/avante.pl\/wp-content\/uploads\/2023\/05\/AdobeStock_200104151.webp 1306w\" sizes=\"(max-width: 1024px) 100vw, 1024px\" \/><\/figure>\n<\/figure>\n\n\n\n<h2 class=\"wp-block-heading\">Doch wo liegen die Vorteile einer gro\u00dfen Verglasung im Haus?<\/h2>\n\n\n\n<p>Bei gro\u00dffl\u00e4chigen Verglasungen handelt es sich in erster Linie um Panoramafenster, Winterg\u00e4rten und Schiebet\u00fcren. Der Hauptvorteil liegt nat\u00fcrlich darin, dass sie einen gro\u00dfen Strom nat\u00fcrlichen Lichts in den Innenraum hineinlassen. Ist dies jedoch der einzige Vorteil, den gro\u00dffl\u00e4chige Verglasungen bieten? Nicht im Geringsten! Gro\u00dffl\u00e4chige Verglasungen verbinden unser Leben im Haus geschickt mit der Sch\u00f6nheit der uns umgebenden Natur, wie dem Garten oder der Terrasse. Au\u00dferdem verleihen sie der Fassade unseres Geb\u00e4udes einen modernen Touch und vergr\u00f6\u00dfern den Innenraum optisch.<\/p>\n\n\n\n<h2 class=\"wp-block-heading\">Funktionalit\u00e4t und Komfort<\/h2>\n\n\n\n<p>Wir wissen, dass bei der Auswahl von Einrichtungsgegenst\u00e4nden f\u00fcr unser Zuhause die Funktionalit\u00e4t im Vordergrund steht. Die komfortable Nutzung der Terrasse oder der freie Zugang zum Garten sind wichtige Argumente f\u00fcr den Kauf oder Bau eines solchen Hauses. Wichtig ist aber auch, wie effizient die Terrassent\u00fcren bedient werden. Gro\u00dfe Verglasungen mit Dreifachverglasung sind recht massiv, so dass sich der Einbau eines elektrischen Antriebs lohnt, mit dem das \u00d6ffnen und Schlie\u00dfen des Fl\u00fcgels per Fernbedienung, Wandschalter oder Smartphone-App gesteuert werden kann.<\/p>\n\n\n\n<figure class=\"wp-block-image size-large\"><img decoding=\"async\" width=\"1024\" height=\"640\" src=\"http:\/\/serwer2355373.home.pl\/avante2023\/wp-content\/uploads\/2023\/05\/pivot-door-1600-1000-1024x640.jpg\" alt=\"\" class=\"wp-image-3636\" srcset=\"https:\/\/avante.pl\/wp-content\/uploads\/2023\/05\/pivot-door-1600-1000-1024x640.jpg 1024w, https:\/\/avante.pl\/wp-content\/uploads\/2023\/05\/pivot-door-1600-1000-300x188.jpg 300w, https:\/\/avante.pl\/wp-content\/uploads\/2023\/05\/pivot-door-1600-1000-768x480.jpg 768w, https:\/\/avante.pl\/wp-content\/uploads\/2023\/05\/pivot-door-1600-1000-1536x960.jpg 1536w, https:\/\/avante.pl\/wp-content\/uploads\/2023\/05\/pivot-door-1600-1000.jpg 1600w\" sizes=\"(max-width: 1024px) 100vw, 1024px\" \/><\/figure>\n\n\n\n<h2 class=\"wp-block-heading\">W\u00e4rmed\u00e4mmung &#8211; Wird es in einem Raum mit gro\u00dfen Verglasungen kalt?<\/h2>\n\n\n\n<p>Terrassent\u00fcren oder Fassaden mit Panoramaverglasung nehmen einen gro\u00dfen Teil der Fl\u00e4che ein und haben im Vergleich zu konventionellen W\u00e4nden einen viel geringeren W\u00e4rmedurchgangskoeffizienten. Nat\u00fcrlich kann dies durch die Wahl moderner Systeme mit hochmodernen Fenstern und Glaspaketen behoben werden, da diese eine gute W\u00e4rmed\u00e4mmung aufweisen.<\/p>\n\n\n\n<figure class=\"wp-block-image size-large\"><img decoding=\"async\" width=\"1024\" height=\"354\" src=\"http:\/\/serwer2355373.home.pl\/avante2023\/wp-content\/uploads\/2023\/05\/Rectangle-242-1024x354.webp\" alt=\"\" class=\"wp-image-46\" srcset=\"https:\/\/avante.pl\/wp-content\/uploads\/2023\/05\/Rectangle-242-1024x354.webp 1024w, https:\/\/avante.pl\/wp-content\/uploads\/2023\/05\/Rectangle-242-300x104.webp 300w, https:\/\/avante.pl\/wp-content\/uploads\/2023\/05\/Rectangle-242-768x266.webp 768w, https:\/\/avante.pl\/wp-content\/uploads\/2023\/05\/Rectangle-242-1536x531.webp 1536w, https:\/\/avante.pl\/wp-content\/uploads\/2023\/05\/Rectangle-242.webp 1732w\" sizes=\"(max-width: 1024px) 100vw, 1024px\" \/><\/figure>\n\n\n\n<h2 class=\"wp-block-heading\">Sicherheit und Privatsph\u00e4re<\/h2>\n\n\n\n<p>Gut, aber was ist mit der Sicherheit und der Privatsph\u00e4re der Bewohner? Werden wir uns wegen der gro\u00dfen Verglasung immer vor unseren Nachbarn verstecken wollen? Auf diese Frage gibt es mehrere Antworten. Erstens h\u00e4ngt viel von unserem Standort ab und davon, wo wir die Verglasung anbringen. Viele Menschen entscheiden sich f\u00fcr diese L\u00f6sung, wenn sie von W\u00e4ldern oder einem gro\u00dfen Garten umgeben sind. In solchen F\u00e4llen werden die Nachbarn nicht in unsere Fenster schauen.<\/p>\n\n\n\n<p>Unabh\u00e4ngig vom Standort ist es jedoch sinnvoll, \u00fcber einen Sichtschutz f\u00fcr die Fenster nachzudenken, beispielsweise moderne Fassadenjalousien. Diese sorgen nicht nur f\u00fcr die entsprechende Privatsph\u00e4re, wenn wir sie brauchen, sondern erm\u00f6glichen es uns auch, den Lichteinfall in das Interieur zu regulieren. Besonders wichtig ist das an hei\u00dfen Sommertagen, wenn wir der intensiven Sonne ausgesetzt sind und ein angenehmes Raumklima bewahren wollen, ohne eine Klimaanlage installieren zu m\u00fcssen.<\/p>\n\n\n\n<p>Wenn Sie davon \u00fcberzeugt sind, dass gro\u00dffl\u00e4chige Verglasungen die perfekte L\u00f6sung f\u00fcr Ihr Haus sind, z\u00f6gern Sie nicht und informieren Sie sich noch heute \u00fcber unser Angebot. Wir w\u00e4hlen die besten Optionen f\u00fcr Ihr Zuhause!<\/p>\n","protected":false},"excerpt":{"rendered":"<p>Nat\u00fcrliches Licht ist die Grundlage des Wohlbefindens<\/p>\n","protected":false},"author":4,"featured_media":6024,"comment_status":"closed","ping_status":"closed","sticky":false,"template":"","format":"standard","meta":{"footnotes":""},"categories":[66],"tags":[],"class_list":["post-6023","post","type-post","status-publish","format-standard","has-post-thumbnail","hentry","category-beratung-und-inspiration"],"_links":{"self":[{"href":"https:\/\/avante.pl\/de\/wp-json\/wp\/v2\/posts\/6023","targetHints":{"allow":["GET"]}}],"collection":[{"href":"https:\/\/avante.pl\/de\/wp-json\/wp\/v2\/posts"}],"about":[{"href":"https:\/\/avante.pl\/de\/wp-json\/wp\/v2\/types\/post"}],"author":[{"embeddable":true,"href":"https:\/\/avante.pl\/de\/wp-json\/wp\/v2\/users\/4"}],"replies":[{"embeddable":true,"href":"https:\/\/avante.pl\/de\/wp-json\/wp\/v2\/comments?post=6023"}],"version-history":[{"count":0,"href":"https:\/\/avante.pl\/de\/wp-json\/wp\/v2\/posts\/6023\/revisions"}],"wp:featuredmedia":[{"embeddable":true,"href":"https:\/\/avante.pl\/de\/wp-json\/wp\/v2\/media\/6024"}],"wp:attachment":[{"href":"https:\/\/avante.pl\/de\/wp-json\/wp\/v2\/media?parent=6023"}],"wp:term":[{"taxonomy":"category","embeddable":true,"href":"https:\/\/avante.pl\/de\/wp-json\/wp\/v2\/categories?post=6023"},{"taxonomy":"post_tag","embeddable":true,"href":"https:\/\/avante.pl\/de\/wp-json\/wp\/v2\/tags?post=6023"}],"curies":[{"name":"wp","href":"https:\/\/api.w.org\/{rel}","templated":true}]}}