{"id":5736,"date":"2023-10-26T17:48:15","date_gmt":"2023-10-26T15:48:15","guid":{"rendered":"https:\/\/avante-okna.pl\/verre-selectif-isolation-et-confort-parfaits\/"},"modified":"2024-03-01T16:37:56","modified_gmt":"2024-03-01T15:37:56","slug":"verre-selectif-isolation-et-confort-parfaits","status":"publish","type":"post","link":"https:\/\/avante.pl\/fr\/verre-selectif-isolation-et-confort-parfaits\/","title":{"rendered":"Verre s\u00e9lectif : isolation et confort parfaits"},"content":{"rendered":"\n<h2 class=\"wp-block-heading\"><\/h2>\n\n<p>En choisissant les fen\u00eatres pour sa maison, il est essentiel de savoir que le verre joue un r\u00f4le primordial. L&#8217;emploi du double vitrage ou du verre s\u00e9lectif augmente consid\u00e9rablement les performances \u00e9nerg\u00e9tiques du b\u00e2timent. Qu&rsquo;est-ce qu&rsquo;un verre s\u00e9lectif et quels sont ses avantages ? Voil\u00e0 les r\u00e9ponses.<\/p>\n\n<figure class=\"wp-block-gallery has-nested-images columns-default is-cropped wp-block-gallery-1 is-layout-flex wp-block-gallery-is-layout-flex\">\n<figure class=\"wp-block-image size-full\"><img fetchpriority=\"high\" decoding=\"async\" width=\"1000\" height=\"1000\" data-id=\"7875\" src=\"https:\/\/avante.pl\/wp-content\/uploads\/2023\/10\/szyby.png\" alt=\"\" class=\"wp-image-7875\" srcset=\"https:\/\/avante.pl\/wp-content\/uploads\/2023\/10\/szyby.png 1000w, https:\/\/avante.pl\/wp-content\/uploads\/2023\/10\/szyby-300x300.png 300w, https:\/\/avante.pl\/wp-content\/uploads\/2023\/10\/szyby-150x150.png 150w, https:\/\/avante.pl\/wp-content\/uploads\/2023\/10\/szyby-768x768.png 768w, https:\/\/avante.pl\/wp-content\/uploads\/2023\/10\/szyby-100x100.png 100w\" sizes=\"(max-width: 1000px) 100vw, 1000px\" \/><\/figure>\n<\/figure>\n\n<h2 class=\"wp-block-heading\">Qu&rsquo;est-ce qu&rsquo;un verre s\u00e9lectif ?<\/h2>\n\n<p>Le verre s\u00e9lectif est un produit innovant, con\u00e7u pour augmenter les performances \u00e9nerg\u00e9tiques des b\u00e2timents. Son point fort est la capacit\u00e9 de laisser passer le rayonnement solaire (lumi\u00e8re) et en m\u00eame temps limiter l&rsquo;entr\u00e9e de la chaleur. Ceci veut dire que le verre s\u00e9lectif permet de profiter de l&rsquo;\u00e9nergie solaire pour chauffer l&rsquo;int\u00e9rieur et, en m\u00eame temps, il emp\u00eache la surchauffe de la pi\u00e8ce en \u00e9t\u00e9.<\/p>\n\n<h2 class=\"wp-block-heading\">Quels sont les avantages du verre s\u00e9lectif ?<\/h2>\n\n<p>1. <strong>Isolation thermique parfaite<\/strong> : le verre s\u00e9lectif a d&rsquo;excellents param\u00e8tres isolants. Ceci permet le maintien de la temp\u00e9rature constante dans les pi\u00e8ces l&rsquo;ann\u00e9e enti\u00e8re. Ainsi les frais de chauffage\/ climatisation deviennent moindres.<\/p>\n\n<p>2. <strong>\u00c9conomie de l&rsquo;\u00e9nergie :<\/strong> gr\u00e2ce aux atouts du verre s\u00e9lectif par rapport \u00e0 l&rsquo;\u00e9nergie solaire, nous pouvons diminuer notre consommation de l&rsquo;\u00e9lectricit\u00e9 et par ceci faire des \u00e9conomies sur nos factures de chauffage et d&rsquo;\u00e9lectricit\u00e9.<\/p>\n\n<p>3. <strong>Confort visuel :<\/strong> le verre s\u00e9lectif laisse passer la lumi\u00e8re naturelle. Ainsi, votre maison est bien \u00e9clair\u00e9e et agr\u00e9able \u00e0 vivre. Cela influence le bien-\u00eatre des habitants.<\/p>\n\n<p>4. <strong>\u00c9cologie :<\/strong> gr\u00e2ce au verre s\u00e9lectif nous r\u00e9duisons l\u2019\u00e9mission du CO2 et alors nous participons \u00e0 la protection environnementale et le d\u00e9veloppement durable.<\/p>\n\n<h2 class=\"wp-block-heading\"><\/h2>\n\n<p>Le verre s\u00e9lectif est une solution qui r\u00e9unie l&rsquo;efficacit\u00e9 \u00e9nerg\u00e9tique, le confort et la protection de l&rsquo;environnement. En choisissant les fen\u00eatres \u00e9quip\u00e9es de verres innovants, vous investissez en meilleure qualit\u00e9 de vie, vous faites des \u00e9conomies et vous prenez soin de notre plan\u00e8te. Avante propose un large choix des fen\u00eatres avec les verres s\u00e9lectifs. Elles seront \u00e0 la hauteur de vos exigences et garantiront un grand confort \u00e0 votre maison.<\/p>\n\n<figure class=\"wp-block-image size-large\"><img decoding=\"async\" width=\"1024\" height=\"354\" src=\"http:\/\/serwer2355373.home.pl\/avante2023\/wp-content\/uploads\/2023\/05\/Rectangle-242-1024x354.webp\" alt=\"\" class=\"wp-image-46\" srcset=\"https:\/\/avante.pl\/wp-content\/uploads\/2023\/05\/Rectangle-242-1024x354.webp 1024w, https:\/\/avante.pl\/wp-content\/uploads\/2023\/05\/Rectangle-242-300x104.webp 300w, https:\/\/avante.pl\/wp-content\/uploads\/2023\/05\/Rectangle-242-768x266.webp 768w, https:\/\/avante.pl\/wp-content\/uploads\/2023\/05\/Rectangle-242-1536x531.webp 1536w, https:\/\/avante.pl\/wp-content\/uploads\/2023\/05\/Rectangle-242.webp 1732w\" sizes=\"(max-width: 1024px) 100vw, 1024px\" \/><\/figure>\n\n<h2 class=\"wp-block-heading\"><\/h2>\n\n<p><\/p>\n","protected":false},"excerpt":{"rendered":"<p>Verre aux propri\u00e9t\u00e9s exceptionnelles<\/p>\n","protected":false},"author":5,"featured_media":10933,"comment_status":"closed","ping_status":"closed","sticky":false,"template":"","format":"standard","meta":{"footnotes":""},"categories":[60],"tags":[],"class_list":["post-5736","post","type-post","status-publish","format-standard","has-post-thumbnail","hentry","category-conseils-et-inspirations"],"_links":{"self":[{"href":"https:\/\/avante.pl\/fr\/wp-json\/wp\/v2\/posts\/5736","targetHints":{"allow":["GET"]}}],"collection":[{"href":"https:\/\/avante.pl\/fr\/wp-json\/wp\/v2\/posts"}],"about":[{"href":"https:\/\/avante.pl\/fr\/wp-json\/wp\/v2\/types\/post"}],"author":[{"embeddable":true,"href":"https:\/\/avante.pl\/fr\/wp-json\/wp\/v2\/users\/5"}],"replies":[{"embeddable":true,"href":"https:\/\/avante.pl\/fr\/wp-json\/wp\/v2\/comments?post=5736"}],"version-history":[{"count":0,"href":"https:\/\/avante.pl\/fr\/wp-json\/wp\/v2\/posts\/5736\/revisions"}],"wp:featuredmedia":[{"embeddable":true,"href":"https:\/\/avante.pl\/fr\/wp-json\/wp\/v2\/media\/10933"}],"wp:attachment":[{"href":"https:\/\/avante.pl\/fr\/wp-json\/wp\/v2\/media?parent=5736"}],"wp:term":[{"taxonomy":"category","embeddable":true,"href":"https:\/\/avante.pl\/fr\/wp-json\/wp\/v2\/categories?post=5736"},{"taxonomy":"post_tag","embeddable":true,"href":"https:\/\/avante.pl\/fr\/wp-json\/wp\/v2\/tags?post=5736"}],"curies":[{"name":"wp","href":"https:\/\/api.w.org\/{rel}","templated":true}]}}